{"id":13592,"date":"2018-12-28T13:53:01","date_gmt":"2018-12-28T11:53:01","guid":{"rendered":"http:\/\/www.unionmusicaldeliria.com\/wp\/?p=13592"},"modified":"2018-12-28T13:54:05","modified_gmt":"2018-12-28T11:54:05","slug":"programa-concert-nadal-orquestra-simfonica","status":"publish","type":"post","link":"https:\/\/www.unionmusicaldeliria.com\/wp\/programa-concert-nadal-orquestra-simfonica\/","title":{"rendered":"Programa concert Nadal Orquestra Simf\u00f2nica"},"content":{"rendered":"<p>[fusion_builder_container hundred_percent=\u00bbno\u00bb hundred_percent_height=\u00bbno\u00bb hundred_percent_height_scroll=\u00bbno\u00bb hundred_percent_height_center_content=\u00bbyes\u00bb equal_height_columns=\u00bbno\u00bb menu_anchor=\u00bb\u00bb hide_on_mobile=\u00bbsmall-visibility,medium-visibility,large-visibility\u00bb status=\u00bbpublished\u00bb publish_date=\u00bb\u00bb class=\u00bb\u00bb id=\u00bb\u00bb background_color=\u00bb\u00bb background_image=\u00bb\u00bb background_position=\u00bbcenter center\u00bb background_repeat=\u00bbno-repeat\u00bb fade=\u00bbno\u00bb background_parallax=\u00bbnone\u00bb enable_mobile=\u00bbno\u00bb parallax_speed=\u00bb0.3&#8243; video_mp4=\u00bb\u00bb video_webm=\u00bb\u00bb video_ogv=\u00bb\u00bb video_url=\u00bb\u00bb video_aspect_ratio=\u00bb16:9&#8243; video_loop=\u00bbyes\u00bb video_mute=\u00bbyes\u00bb video_preview_image=\u00bb\u00bb border_size=\u00bb\u00bb border_color=\u00bb\u00bb border_style=\u00bbsolid\u00bb margin_top=\u00bb\u00bb margin_bottom=\u00bb\u00bb padding_top=\u00bb\u00bb padding_right=\u00bb\u00bb padding_bottom=\u00bb\u00bb padding_left=\u00bb\u00bb][fusion_builder_row][fusion_builder_column type=\u00bb1_1&#8243; layout=\u00bb1_1&#8243; spacing=\u00bb\u00bb center_content=\u00bbno\u00bb link=\u00bb\u00bb target=\u00bb_self\u00bb min_height=\u00bb\u00bb hide_on_mobile=\u00bbsmall-visibility,medium-visibility,large-visibility\u00bb class=\u00bb\u00bb id=\u00bb\u00bb background_color=\u00bb\u00bb background_image=\u00bb\u00bb background_image_id=\u00bb\u00bb background_position=\u00bbleft top\u00bb background_repeat=\u00bbno-repeat\u00bb hover_type=\u00bbnone\u00bb border_size=\u00bb0&#8243; border_color=\u00bb\u00bb border_style=\u00bbsolid\u00bb border_position=\u00bball\u00bb padding_top=\u00bb\u00bb padding_right=\u00bb\u00bb padding_bottom=\u00bb\u00bb padding_left=\u00bb\u00bb margin_top=\u00bb\u00bb margin_bottom=\u00bb\u00bb animation_type=\u00bb\u00bb animation_direction=\u00bbleft\u00bb animation_speed=\u00bb0.3&#8243; animation_offset=\u00bb\u00bb last=\u00bbno\u00bb][fusion_text columns=\u00bb\u00bb column_min_width=\u00bb\u00bb column_spacing=\u00bb\u00bb rule_style=\u00bbdefault\u00bb rule_size=\u00bb\u00bb rule_color=\u00bb\u00bb hide_on_mobile=\u00bbsmall-visibility,medium-visibility,large-visibility\u00bb class=\u00bb\u00bb id=\u00bb\u00bb]<\/p>\n<p>\u00c8pic. El concert que ens ha preparat l\u2019orquestra simf\u00f2nica amb la col\u00b7laboraci\u00f3 del prestigi\u00f3s director Yaron Traub va a ser \u00e8pic.<br \/>\nVos esperem a les 19:30h!<br \/>\n#fentunio<\/p>\n<p>[\/fusion_text][\/fusion_builder_column][fusion_builder_column type=\u00bb1_2&#8243; layout=\u00bb1_2&#8243; spacing=\u00bb\u00bb center_content=\u00bbno\u00bb link=\u00bb\u00bb target=\u00bb_self\u00bb min_height=\u00bb\u00bb hide_on_mobile=\u00bbsmall-visibility,medium-visibility,large-visibility\u00bb class=\u00bb\u00bb id=\u00bb\u00bb background_color=\u00bb\u00bb background_image=\u00bb\u00bb background_image_id=\u00bb\u00bb background_position=\u00bbleft top\u00bb background_repeat=\u00bbno-repeat\u00bb hover_type=\u00bbnone\u00bb border_size=\u00bb0&#8243; border_color=\u00bb\u00bb border_style=\u00bbsolid\u00bb border_position=\u00bball\u00bb padding_top=\u00bb\u00bb padding_right=\u00bb\u00bb padding_bottom=\u00bb\u00bb padding_left=\u00bb\u00bb margin_top=\u00bb\u00bb margin_bottom=\u00bb\u00bb animation_type=\u00bb\u00bb animation_direction=\u00bbleft\u00bb animation_speed=\u00bb0.3&#8243; animation_offset=\u00bb\u00bb last=\u00bbno\u00bb][fusion_imageframe image_id=\u00bb13593|large\u00bb max_width=\u00bb\u00bb style_type=\u00bb\u00bb blur=\u00bb\u00bb stylecolor=\u00bb\u00bb hover_type=\u00bbnone\u00bb bordersize=\u00bb\u00bb bordercolor=\u00bb\u00bb borderradius=\u00bb\u00bb align=\u00bbnone\u00bb lightbox=\u00bbno\u00bb gallery_id=\u00bb\u00bb lightbox_image=\u00bb\u00bb lightbox_image_id=\u00bb\u00bb alt=\u00bb\u00bb link=\u00bb\u00bb linktarget=\u00bb_self\u00bb hide_on_mobile=\u00bbsmall-visibility,medium-visibility,large-visibility\u00bb class=\u00bb\u00bb id=\u00bb\u00bb animation_type=\u00bb\u00bb animation_direction=\u00bbleft\u00bb animation_speed=\u00bb0.3&#8243; animation_offset=\u00bb\u00bb]http:\/\/www.unionmusicaldeliria.com\/wp\/wp-content\/uploads\/2018\/12\/759CB034-DA2E-43C3-879E-D0266E0F3576-1024&#215;724.jpeg[\/fusion_imageframe][\/fusion_builder_column][fusion_builder_column type=\u00bb1_2&#8243; layout=\u00bb1_2&#8243; spacing=\u00bb\u00bb center_content=\u00bbno\u00bb link=\u00bb\u00bb target=\u00bb_self\u00bb min_height=\u00bb\u00bb hide_on_mobile=\u00bbsmall-visibility,medium-visibility,large-visibility\u00bb class=\u00bb\u00bb id=\u00bb\u00bb background_color=\u00bb\u00bb background_image=\u00bb\u00bb background_image_id=\u00bb\u00bb background_position=\u00bbleft top\u00bb background_repeat=\u00bbno-repeat\u00bb hover_type=\u00bbnone\u00bb border_size=\u00bb0&#8243; border_color=\u00bb\u00bb border_style=\u00bbsolid\u00bb border_position=\u00bball\u00bb padding_top=\u00bb\u00bb padding_right=\u00bb\u00bb padding_bottom=\u00bb\u00bb padding_left=\u00bb\u00bb margin_top=\u00bb\u00bb margin_bottom=\u00bb\u00bb animation_type=\u00bb\u00bb animation_direction=\u00bbleft\u00bb animation_speed=\u00bb0.3&#8243; animation_offset=\u00bb\u00bb last=\u00bbno\u00bb][fusion_imageframe image_id=\u00bb13594|large\u00bb max_width=\u00bb\u00bb style_type=\u00bb\u00bb blur=\u00bb\u00bb stylecolor=\u00bb\u00bb hover_type=\u00bbnone\u00bb bordersize=\u00bb\u00bb bordercolor=\u00bb\u00bb borderradius=\u00bb\u00bb align=\u00bbnone\u00bb lightbox=\u00bbno\u00bb gallery_id=\u00bb\u00bb lightbox_image=\u00bb\u00bb lightbox_image_id=\u00bb\u00bb alt=\u00bb\u00bb link=\u00bb\u00bb linktarget=\u00bb_self\u00bb hide_on_mobile=\u00bbsmall-visibility,medium-visibility,large-visibility\u00bb class=\u00bb\u00bb id=\u00bb\u00bb animation_type=\u00bb\u00bb animation_direction=\u00bbleft\u00bb animation_speed=\u00bb0.3&#8243; animation_offset=\u00bb\u00bb]http:\/\/www.unionmusicaldeliria.com\/wp\/wp-content\/uploads\/2018\/12\/95939472-03B9-4AD8-B356-D5C7F6894AA8-1024&#215;724.jpeg[\/fusion_imageframe][\/fusion_builder_column][\/fusion_builder_row][\/fusion_builder_container]<\/p>\n","protected":false},"excerpt":{"rendered":"<p>[fusion_builder_container hundred_percent=\u00bbno\u00bb hundred_percent_height=\u00bbno\u00bb hundred_percent_height_scroll=\u00bbno\u00bb hundred_percent_height_center_content=\u00bbyes\u00bb equal_height_columns=\u00bbno\u00bb menu_anchor=\u00bb\u00bb hide_on_mobile=\u00bbsmall-visibility,medium-visibility,large-visibility\u00bb status=\u00bbpublished\u00bb publish_date=\u00bb\u00bb  [&#8230;]<\/p>\n","protected":false},"author":1,"featured_media":13593,"comment_status":"open","ping_status":"open","sticky":false,"template":"","format":"standard","meta":{"_bbp_topic_count":0,"_bbp_reply_count":0,"_bbp_total_topic_count":0,"_bbp_total_reply_count":0,"_bbp_voice_count":0,"_bbp_anonymous_reply_count":0,"_bbp_topic_count_hidden":0,"_bbp_reply_count_hidden":0,"_bbp_forum_subforum_count":0,"_exactmetrics_skip_tracking":false,"_exactmetrics_sitenote_active":false,"_exactmetrics_sitenote_note":"","_exactmetrics_sitenote_category":0,"_monsterinsights_skip_tracking":false,"_monsterinsights_sitenote_active":false,"_monsterinsights_sitenote_note":"","_monsterinsights_sitenote_category":0,"footnotes":""},"categories":[48,45,1,42],"tags":[],"class_list":["post-13592","post","type-post","status-publish","format-standard","has-post-thumbnail","hentry","category-noticias","category-orquestra-simfonica","category-sin-categoria","category-teatre"],"_links":{"self":[{"href":"https:\/\/www.unionmusicaldeliria.com\/wp\/wp-json\/wp\/v2\/posts\/13592","targetHints":{"allow":["GET"]}}],"collection":[{"href":"https:\/\/www.unionmusicaldeliria.com\/wp\/wp-json\/wp\/v2\/posts"}],"about":[{"href":"https:\/\/www.unionmusicaldeliria.com\/wp\/wp-json\/wp\/v2\/types\/post"}],"author":[{"embeddable":true,"href":"https:\/\/www.unionmusicaldeliria.com\/wp\/wp-json\/wp\/v2\/users\/1"}],"replies":[{"embeddable":true,"href":"https:\/\/www.unionmusicaldeliria.com\/wp\/wp-json\/wp\/v2\/comments?post=13592"}],"version-history":[{"count":2,"href":"https:\/\/www.unionmusicaldeliria.com\/wp\/wp-json\/wp\/v2\/posts\/13592\/revisions"}],"predecessor-version":[{"id":13596,"href":"https:\/\/www.unionmusicaldeliria.com\/wp\/wp-json\/wp\/v2\/posts\/13592\/revisions\/13596"}],"wp:featuredmedia":[{"embeddable":true,"href":"https:\/\/www.unionmusicaldeliria.com\/wp\/wp-json\/wp\/v2\/media\/13593"}],"wp:attachment":[{"href":"https:\/\/www.unionmusicaldeliria.com\/wp\/wp-json\/wp\/v2\/media?parent=13592"}],"wp:term":[{"taxonomy":"category","embeddable":true,"href":"https:\/\/www.unionmusicaldeliria.com\/wp\/wp-json\/wp\/v2\/categories?post=13592"},{"taxonomy":"post_tag","embeddable":true,"href":"https:\/\/www.unionmusicaldeliria.com\/wp\/wp-json\/wp\/v2\/tags?post=13592"}],"curies":[{"name":"wp","href":"https:\/\/api.w.org\/{rel}","templated":true}]}}